{"id":319,"date":"2026-03-23T22:43:57","date_gmt":"2026-03-24T02:43:57","guid":{"rendered":"https:\/\/ashoresoca.org\/?p=319"},"modified":"2026-03-23T22:43:57","modified_gmt":"2026-03-24T02:43:57","slug":"ashoresoca-celebra-encuentro-navideno-con-miembros-e-invitados-especiales","status":"publish","type":"post","link":"https:\/\/ashoresoca.org\/index.php\/2026\/03\/23\/ashoresoca-celebra-encuentro-navideno-con-miembros-e-invitados-especiales\/","title":{"rendered":"ASHORESOCA celebra encuentro navide\u00f1o con miembros e invitados especiales"},"content":{"rendered":"<div class=\"xdj266r x14z9mp xat24cr x1lziwak x1vvkbs x126k92a\">\n<div dir=\"auto\">ASHORESOCA celebra encuentro navide\u00f1o con miembros e invitados especiales<\/div>\n<\/div>\n<p><!--more--><\/p>\n<div dir=\"auto\"><img loading=\"lazy\" decoding=\"async\" class=\"alignnone size-full wp-image-322\" src=\"https:\/\/ashoresoca.org\/wp-content\/uploads\/2026\/03\/598347241_122093086743172971_4291141812770599878_n.jpg\" alt=\"\" width=\"2048\" height=\"1365\" srcset=\"https:\/\/ashoresoca.org\/wp-content\/uploads\/2026\/03\/598347241_122093086743172971_4291141812770599878_n.jpg 2048w, https:\/\/ashoresoca.org\/wp-content\/uploads\/2026\/03\/598347241_122093086743172971_4291141812770599878_n-300x200.jpg 300w, https:\/\/ashoresoca.org\/wp-content\/uploads\/2026\/03\/598347241_122093086743172971_4291141812770599878_n-1024x683.jpg 1024w, https:\/\/ashoresoca.org\/wp-content\/uploads\/2026\/03\/598347241_122093086743172971_4291141812770599878_n-768x512.jpg 768w, https:\/\/ashoresoca.org\/wp-content\/uploads\/2026\/03\/598347241_122093086743172971_4291141812770599878_n-1536x1024.jpg 1536w, https:\/\/ashoresoca.org\/wp-content\/uploads\/2026\/03\/598347241_122093086743172971_4291141812770599878_n-150x100.jpg 150w, https:\/\/ashoresoca.org\/wp-content\/uploads\/2026\/03\/598347241_122093086743172971_4291141812770599878_n-696x464.jpg 696w, https:\/\/ashoresoca.org\/wp-content\/uploads\/2026\/03\/598347241_122093086743172971_4291141812770599878_n-1068x712.jpg 1068w, https:\/\/ashoresoca.org\/wp-content\/uploads\/2026\/03\/598347241_122093086743172971_4291141812770599878_n-1920x1280.jpg 1920w\" sizes=\"auto, (max-width: 2048px) 100vw, 2048px\" \/>Presentan oficialmente la Uni\u00f3n Gastron\u00f3mica de Sos\u00faa y Cabarete (UGASOCA)<\/div>\n<div class=\"xdj266r x14z9mp xat24cr x1lziwak x1vvkbs x126k92a\">\n<div dir=\"auto\">Por: Daniel Mercado<\/div>\n<\/div>\n<div class=\"x14z9mp xat24cr x1lziwak x1vvkbs xtlvy1s x126k92a\">\n<div dir=\"auto\">Cabarete, Sos\u00faa.\u2013 Las modernas instalaciones del Hotel Viva Tangerine by Wyndham fueron el escenario del encuentro navide\u00f1o de la Asociaci\u00f3n de Hoteles y Restaurantes de Sos\u00faa y Cabarete (ASHORESOCA), un evento que reuni\u00f3 a su membres\u00eda e invitados especiales para celebrar la \u00e9poca festiva y compartir los logros alcanzados durante el a\u00f1o.<\/div>\n<\/div>\n<div class=\"x14z9mp xat24cr x1lziwak x1vvkbs xtlvy1s x126k92a\">\n<div dir=\"auto\">La actividad inici\u00f3 con un animado ambiente musical, caracter\u00edstico de la Navidad dominicana, que dio paso a un espacio de confraternidad entre empresarios, autoridades y representantes del sector tur\u00edstico.<\/div>\n<div dir=\"auto\"><img loading=\"lazy\" decoding=\"async\" class=\"alignnone size-full wp-image-320\" src=\"https:\/\/ashoresoca.org\/wp-content\/uploads\/2026\/03\/596724404_122093087691172971_4593596778683408092_n.jpg\" alt=\"\" width=\"2048\" height=\"1365\" srcset=\"https:\/\/ashoresoca.org\/wp-content\/uploads\/2026\/03\/596724404_122093087691172971_4593596778683408092_n.jpg 2048w, https:\/\/ashoresoca.org\/wp-content\/uploads\/2026\/03\/596724404_122093087691172971_4593596778683408092_n-300x200.jpg 300w, https:\/\/ashoresoca.org\/wp-content\/uploads\/2026\/03\/596724404_122093087691172971_4593596778683408092_n-1024x683.jpg 1024w, https:\/\/ashoresoca.org\/wp-content\/uploads\/2026\/03\/596724404_122093087691172971_4593596778683408092_n-768x512.jpg 768w, https:\/\/ashoresoca.org\/wp-content\/uploads\/2026\/03\/596724404_122093087691172971_4593596778683408092_n-1536x1024.jpg 1536w, https:\/\/ashoresoca.org\/wp-content\/uploads\/2026\/03\/596724404_122093087691172971_4593596778683408092_n-150x100.jpg 150w, https:\/\/ashoresoca.org\/wp-content\/uploads\/2026\/03\/596724404_122093087691172971_4593596778683408092_n-696x464.jpg 696w, https:\/\/ashoresoca.org\/wp-content\/uploads\/2026\/03\/596724404_122093087691172971_4593596778683408092_n-1068x712.jpg 1068w, https:\/\/ashoresoca.org\/wp-content\/uploads\/2026\/03\/596724404_122093087691172971_4593596778683408092_n-1920x1280.jpg 1920w\" sizes=\"auto, (max-width: 2048px) 100vw, 2048px\" \/> Durante el acto, el presidente de la Junta Directiva, Lic. Antonio C\u00e9sar C\u00e1rdenas P\u00e9rez, present\u00f3 de manera oficial la Uni\u00f3n Gastron\u00f3mica de Sos\u00faa y Cabarete (UGASOCA), entidad creada bajo el registro de Propiedad Intelectual No. 873604, y que nace con el objetivo de fortalecer la identidad culinaria y promover el desarrollo gastron\u00f3mico de la regi\u00f3n.<\/div>\n<\/div>\n<div class=\"x14z9mp xat24cr x1lziwak x1vvkbs xtlvy1s x126k92a\">\n<div dir=\"auto\"><img loading=\"lazy\" decoding=\"async\" class=\"alignnone size-full wp-image-321\" src=\"https:\/\/ashoresoca.org\/wp-content\/uploads\/2026\/03\/597587294_122093084955172971_1295691468332115093_n.jpg\" alt=\"\" width=\"1365\" height=\"2048\" srcset=\"https:\/\/ashoresoca.org\/wp-content\/uploads\/2026\/03\/597587294_122093084955172971_1295691468332115093_n.jpg 1365w, https:\/\/ashoresoca.org\/wp-content\/uploads\/2026\/03\/597587294_122093084955172971_1295691468332115093_n-200x300.jpg 200w, https:\/\/ashoresoca.org\/wp-content\/uploads\/2026\/03\/597587294_122093084955172971_1295691468332115093_n-683x1024.jpg 683w, https:\/\/ashoresoca.org\/wp-content\/uploads\/2026\/03\/597587294_122093084955172971_1295691468332115093_n-768x1152.jpg 768w, https:\/\/ashoresoca.org\/wp-content\/uploads\/2026\/03\/597587294_122093084955172971_1295691468332115093_n-1024x1536.jpg 1024w, https:\/\/ashoresoca.org\/wp-content\/uploads\/2026\/03\/597587294_122093084955172971_1295691468332115093_n-150x225.jpg 150w, https:\/\/ashoresoca.org\/wp-content\/uploads\/2026\/03\/597587294_122093084955172971_1295691468332115093_n-300x450.jpg 300w, https:\/\/ashoresoca.org\/wp-content\/uploads\/2026\/03\/597587294_122093084955172971_1295691468332115093_n-696x1044.jpg 696w, https:\/\/ashoresoca.org\/wp-content\/uploads\/2026\/03\/597587294_122093084955172971_1295691468332115093_n-1068x1602.jpg 1068w\" sizes=\"auto, (max-width: 1365px) 100vw, 1365px\" \/>Luego de la presentaci\u00f3n, se leyeron las memorias 2025 de ASHORESOCA. En este marco, se otorg\u00f3 una placa de reconocimiento a Mar\u00eda Veras, Directora Ejecutiva, destacando su entrega, compromiso y dedicaci\u00f3n al crecimiento institucional de la asociaci\u00f3n que integra hoteles, restaurantes y empresas tur\u00edsticas de Sos\u00faa y Cabarete.<\/div>\n<\/div>\n<div class=\"x14z9mp xat24cr x1lziwak x1vvkbs xtlvy1s x126k92a\">\n<div dir=\"auto\">El encuentro cont\u00f3 con la presencia de importantes autoridades y personalidades, entre ellas:<\/div>\n<\/div>\n<div class=\"x14z9mp xat24cr x1lziwak x1vvkbs xtlvy1s x126k92a\">\n<div dir=\"auto\">\u00a0<img loading=\"lazy\" decoding=\"async\" class=\"alignnone size-full wp-image-325\" src=\"https:\/\/ashoresoca.org\/wp-content\/uploads\/2026\/03\/596783476_122093087421172971_5104324848691298914_n.jpg\" alt=\"\" width=\"1365\" height=\"2048\" srcset=\"https:\/\/ashoresoca.org\/wp-content\/uploads\/2026\/03\/596783476_122093087421172971_5104324848691298914_n.jpg 1365w, https:\/\/ashoresoca.org\/wp-content\/uploads\/2026\/03\/596783476_122093087421172971_5104324848691298914_n-200x300.jpg 200w, https:\/\/ashoresoca.org\/wp-content\/uploads\/2026\/03\/596783476_122093087421172971_5104324848691298914_n-683x1024.jpg 683w, https:\/\/ashoresoca.org\/wp-content\/uploads\/2026\/03\/596783476_122093087421172971_5104324848691298914_n-768x1152.jpg 768w, https:\/\/ashoresoca.org\/wp-content\/uploads\/2026\/03\/596783476_122093087421172971_5104324848691298914_n-1024x1536.jpg 1024w, https:\/\/ashoresoca.org\/wp-content\/uploads\/2026\/03\/596783476_122093087421172971_5104324848691298914_n-150x225.jpg 150w, https:\/\/ashoresoca.org\/wp-content\/uploads\/2026\/03\/596783476_122093087421172971_5104324848691298914_n-300x450.jpg 300w, https:\/\/ashoresoca.org\/wp-content\/uploads\/2026\/03\/596783476_122093087421172971_5104324848691298914_n-696x1044.jpg 696w, https:\/\/ashoresoca.org\/wp-content\/uploads\/2026\/03\/596783476_122093087421172971_5104324848691298914_n-1068x1602.jpg 1068w\" sizes=\"auto, (max-width: 1365px) 100vw, 1365px\" \/>Yesenia Josefina Aragon\u00e9s, Vocal ante la Junta Distrital de Cabarete y vicepresidenta del Concejo de Vocales, en representaci\u00f3n del Director Distrital Freddy Cruz.<\/div>\n<\/div>\n<div class=\"x14z9mp xat24cr x1lziwak x1vvkbs xtlvy1s x126k92a\">\n<div dir=\"auto\">Magistrada Hilda Patricia Lagombra, titular de la Fiscal\u00eda Comunitaria Especializada del Municipio de Sos\u00faa.<\/div>\n<\/div>\n<div class=\"x14z9mp xat24cr x1lziwak x1vvkbs xtlvy1s x126k92a\">\n<div dir=\"auto\">Magistrada Carmen Rosario, titular de la Fiscal\u00eda de Violencia de G\u00e9nero.<\/div>\n<\/div>\n<div class=\"x14z9mp xat24cr x1lziwak x1vvkbs xtlvy1s x126k92a\">\n<div dir=\"auto\">Nereyda \u00c1lvarez, periodista, psic\u00f3loga y Secretaria Nacional del Comit\u00e9 de \u00c9tica de ADOMPRETUR.<\/div>\n<\/div>\n<div class=\"x14z9mp xat24cr x1lziwak x1vvkbs xtlvy1s x126k92a\">\n<div dir=\"auto\"><img loading=\"lazy\" decoding=\"async\" class=\"alignnone size-full wp-image-324\" src=\"https:\/\/ashoresoca.org\/wp-content\/uploads\/2026\/03\/596302618_122093085267172971_4773338878762365251_n.jpg\" alt=\"\" width=\"2048\" height=\"1365\" srcset=\"https:\/\/ashoresoca.org\/wp-content\/uploads\/2026\/03\/596302618_122093085267172971_4773338878762365251_n.jpg 2048w, https:\/\/ashoresoca.org\/wp-content\/uploads\/2026\/03\/596302618_122093085267172971_4773338878762365251_n-300x200.jpg 300w, https:\/\/ashoresoca.org\/wp-content\/uploads\/2026\/03\/596302618_122093085267172971_4773338878762365251_n-1024x683.jpg 1024w, https:\/\/ashoresoca.org\/wp-content\/uploads\/2026\/03\/596302618_122093085267172971_4773338878762365251_n-768x512.jpg 768w, https:\/\/ashoresoca.org\/wp-content\/uploads\/2026\/03\/596302618_122093085267172971_4773338878762365251_n-1536x1024.jpg 1536w, https:\/\/ashoresoca.org\/wp-content\/uploads\/2026\/03\/596302618_122093085267172971_4773338878762365251_n-150x100.jpg 150w, https:\/\/ashoresoca.org\/wp-content\/uploads\/2026\/03\/596302618_122093085267172971_4773338878762365251_n-696x464.jpg 696w, https:\/\/ashoresoca.org\/wp-content\/uploads\/2026\/03\/596302618_122093085267172971_4773338878762365251_n-1068x712.jpg 1068w, https:\/\/ashoresoca.org\/wp-content\/uploads\/2026\/03\/596302618_122093085267172971_4773338878762365251_n-1920x1280.jpg 1920w\" sizes=\"auto, (max-width: 2048px) 100vw, 2048px\" \/>Daniel Mercado, periodista y Director Regional Nordeste de ADOMPRETUR.<\/div>\n<\/div>\n<div class=\"x14z9mp xat24cr x1lziwak x1vvkbs xtlvy1s x126k92a\">\n<div dir=\"auto\">Coronel G\u00f3mez Rodr\u00edguez, FARD (DEM), en representaci\u00f3n del Comandante de la Base A\u00e9rea de Puerto Plata, Coronel Paracaidista Willian Leandro Medina Garnes, FARD (DEM).<\/div>\n<\/div>\n<div class=\"x14z9mp xat24cr x1lziwak x1vvkbs xtlvy1s x126k92a\">\n<div dir=\"auto\">Teniente Coronel Castillo, Polic\u00eda Nacional, Supervisor Zonal y Comandante en Cabarete.<\/div>\n<\/div>\n<div class=\"x14z9mp xat24cr x1lziwak x1vvkbs xtlvy1s x126k92a\">\n<div dir=\"auto\">Mayor Cavallo, POLITUR.<\/div>\n<\/div>\n<div class=\"x14z9mp xat24cr x1lziwak x1vvkbs xtlvy1s x126k92a\">\n<div dir=\"auto\">Sargento Pe\u00f1a, Polic\u00eda Nacional \/ DIGESETT, en representaci\u00f3n del Capit\u00e1n Jos\u00e9 Fern\u00e1ndez, Director Municipal DIGESETT.<\/div>\n<\/div>\n<div class=\"x14z9mp xat24cr x1lziwak x1vvkbs xtlvy1s x126k92a\">\n<div dir=\"auto\">Durante su intervenci\u00f3n, el Lic. C\u00e1rdenas P\u00e9rez destac\u00f3 el respaldo de los miembros y autoridades presentes, resaltando que \u201cel 2025 fue un buen a\u00f1o, pero recibimos el 2026 con una agenda llena de acciones dirigidas a seguir avanzando en beneficio de nuestros asociados y de los destinos que representamos\u201d.<\/div>\n<\/div>\n<div class=\"x14z9mp xat24cr x1lziwak x1vvkbs xtlvy1s x126k92a\">\n<div dir=\"auto\">Con el nacimiento de UGASOCA, ASHORESOCA reafirma su compromiso con el fortalecimiento y la diversificaci\u00f3n de la oferta tur\u00edstica de la zona, apostando a la unidad, la calidad y la innovaci\u00f3n como ejes fundamentales para el desarrollo sostenible de Sos\u00faa y Cabarete.<\/div>\n<\/div>\n","protected":false},"excerpt":{"rendered":"<p>ASHORESOCA celebra encuentro navide\u00f1o con miembros e invitados especiales<\/p>\n","protected":false},"author":1,"featured_media":323,"comment_status":"open","ping_status":"open","sticky":false,"template":"","format":"standard","meta":{"footnotes":""},"categories":[1],"tags":[],"class_list":["post-319","post","type-post","status-publish","format-standard","has-post-thumbnail","category-noticias"],"_links":{"self":[{"href":"https:\/\/ashoresoca.org\/index.php\/wp-json\/wp\/v2\/posts\/319","targetHints":{"allow":["GET"]}}],"collection":[{"href":"https:\/\/ashoresoca.org\/index.php\/wp-json\/wp\/v2\/posts"}],"about":[{"href":"https:\/\/ashoresoca.org\/index.php\/wp-json\/wp\/v2\/types\/post"}],"author":[{"embeddable":true,"href":"https:\/\/ashoresoca.org\/index.php\/wp-json\/wp\/v2\/users\/1"}],"replies":[{"embeddable":true,"href":"https:\/\/ashoresoca.org\/index.php\/wp-json\/wp\/v2\/comments?post=319"}],"version-history":[{"count":1,"href":"https:\/\/ashoresoca.org\/index.php\/wp-json\/wp\/v2\/posts\/319\/revisions"}],"predecessor-version":[{"id":326,"href":"https:\/\/ashoresoca.org\/index.php\/wp-json\/wp\/v2\/posts\/319\/revisions\/326"}],"wp:featuredmedia":[{"embeddable":true,"href":"https:\/\/ashoresoca.org\/index.php\/wp-json\/wp\/v2\/media\/323"}],"wp:attachment":[{"href":"https:\/\/ashoresoca.org\/index.php\/wp-json\/wp\/v2\/media?parent=319"}],"wp:term":[{"taxonomy":"category","embeddable":true,"href":"https:\/\/ashoresoca.org\/index.php\/wp-json\/wp\/v2\/categories?post=319"},{"taxonomy":"post_tag","embeddable":true,"href":"https:\/\/ashoresoca.org\/index.php\/wp-json\/wp\/v2\/tags?post=319"}],"curies":[{"name":"wp","href":"https:\/\/api.w.org\/{rel}","templated":true}]}}