{"id":327,"date":"2026-03-23T22:47:41","date_gmt":"2026-03-24T02:47:41","guid":{"rendered":"https:\/\/ashoresoca.org\/?p=327"},"modified":"2026-03-23T22:47:41","modified_gmt":"2026-03-24T02:47:41","slug":"participacion-en-el-encendido-del-arbol-navideno-de-nuestra-zona-bapp","status":"publish","type":"post","link":"https:\/\/ashoresoca.org\/index.php\/2026\/03\/23\/participacion-en-el-encendido-del-arbol-navideno-de-nuestra-zona-bapp\/","title":{"rendered":"Participaci\u00f3n en el Encendido del \u00c1rbol Navide\u00f1o de Nuestra Zona BAPP"},"content":{"rendered":"<div class=\"x14z9mp xat24cr x1lziwak x1vvkbs xtlvy1s x126k92a\">\n<div dir=\"auto\"><img loading=\"lazy\" decoding=\"async\" class=\"alignnone size-full wp-image-328\" src=\"https:\/\/ashoresoca.org\/wp-content\/uploads\/2026\/03\/596815552_122093611491172971_8369766570500633878_n.jpg\" alt=\"\" width=\"1365\" height=\"2048\" srcset=\"https:\/\/ashoresoca.org\/wp-content\/uploads\/2026\/03\/596815552_122093611491172971_8369766570500633878_n.jpg 1365w, https:\/\/ashoresoca.org\/wp-content\/uploads\/2026\/03\/596815552_122093611491172971_8369766570500633878_n-200x300.jpg 200w, https:\/\/ashoresoca.org\/wp-content\/uploads\/2026\/03\/596815552_122093611491172971_8369766570500633878_n-683x1024.jpg 683w, https:\/\/ashoresoca.org\/wp-content\/uploads\/2026\/03\/596815552_122093611491172971_8369766570500633878_n-768x1152.jpg 768w, https:\/\/ashoresoca.org\/wp-content\/uploads\/2026\/03\/596815552_122093611491172971_8369766570500633878_n-1024x1536.jpg 1024w, https:\/\/ashoresoca.org\/wp-content\/uploads\/2026\/03\/596815552_122093611491172971_8369766570500633878_n-150x225.jpg 150w, https:\/\/ashoresoca.org\/wp-content\/uploads\/2026\/03\/596815552_122093611491172971_8369766570500633878_n-300x450.jpg 300w, https:\/\/ashoresoca.org\/wp-content\/uploads\/2026\/03\/596815552_122093611491172971_8369766570500633878_n-696x1044.jpg 696w, https:\/\/ashoresoca.org\/wp-content\/uploads\/2026\/03\/596815552_122093611491172971_8369766570500633878_n-1068x1602.jpg 1068w\" sizes=\"auto, (max-width: 1365px) 100vw, 1365px\" \/>El presidente de nuestra Junta Directiva, Lic. Antonio C\u00e1rdenas, acompa\u00f1\u00f3 al Comandante de la Base A\u00e9rea de Puerto Plata, Coronel Paracaidista William Leandro Medina Garnes, FARD (DEM), junto a su plana mayor y a las comunidades de Sos\u00faa, en el emotivo y emblem\u00e1tico encendido del \u00c1rbol Navide\u00f1o de nuestra zona.<\/div>\n<\/div>\n<div class=\"x14z9mp xat24cr x1lziwak x1vvkbs xtlvy1s x126k92a\">\n<div dir=\"auto\">Este importante acto simboliza uni\u00f3n, esperanza y el esp\u00edritu festivo que caracteriza a nuestra gente.<\/div>\n<div dir=\"auto\"><img loading=\"lazy\" decoding=\"async\" class=\"alignnone size-full wp-image-330\" src=\"https:\/\/ashoresoca.org\/wp-content\/uploads\/2026\/03\/598822682_122093615061172971_7834732526506763225_n.jpg\" alt=\"\" width=\"2048\" height=\"1542\" srcset=\"https:\/\/ashoresoca.org\/wp-content\/uploads\/2026\/03\/598822682_122093615061172971_7834732526506763225_n.jpg 2048w, https:\/\/ashoresoca.org\/wp-content\/uploads\/2026\/03\/598822682_122093615061172971_7834732526506763225_n-300x226.jpg 300w, https:\/\/ashoresoca.org\/wp-content\/uploads\/2026\/03\/598822682_122093615061172971_7834732526506763225_n-1024x771.jpg 1024w, https:\/\/ashoresoca.org\/wp-content\/uploads\/2026\/03\/598822682_122093615061172971_7834732526506763225_n-768x578.jpg 768w, https:\/\/ashoresoca.org\/wp-content\/uploads\/2026\/03\/598822682_122093615061172971_7834732526506763225_n-1536x1157.jpg 1536w, https:\/\/ashoresoca.org\/wp-content\/uploads\/2026\/03\/598822682_122093615061172971_7834732526506763225_n-150x113.jpg 150w, https:\/\/ashoresoca.org\/wp-content\/uploads\/2026\/03\/598822682_122093615061172971_7834732526506763225_n-696x524.jpg 696w, https:\/\/ashoresoca.org\/wp-content\/uploads\/2026\/03\/598822682_122093615061172971_7834732526506763225_n-1068x804.jpg 1068w, https:\/\/ashoresoca.org\/wp-content\/uploads\/2026\/03\/598822682_122093615061172971_7834732526506763225_n-1920x1446.jpg 1920w\" sizes=\"auto, (max-width: 2048px) 100vw, 2048px\" \/>Desde ASHORESOCA, ratificamos nuestro compromiso firme con el desarrollo, la integraci\u00f3n y el bienestar de toda nuestra regi\u00f3n.<\/div>\n<\/div>\n","protected":false},"excerpt":{"rendered":"<p>El presidente de nuestra Junta Directiva, Lic. Antonio C\u00e1rdenas, acompa\u00f1\u00f3 al Comandante de la Base A\u00e9rea de Puerto Plata, Coronel Paracaidista William Leandro Medina Garnes, FARD (DEM), junto a su plana mayor y a las comunidades de Sos\u00faa, en el emotivo y emblem\u00e1tico encendido del \u00c1rbol Navide\u00f1o de nuestra zona. Este importante acto simboliza uni\u00f3n, [&hellip;]<\/p>\n","protected":false},"author":1,"featured_media":329,"comment_status":"open","ping_status":"open","sticky":false,"template":"","format":"standard","meta":{"footnotes":""},"categories":[1],"tags":[],"class_list":["post-327","post","type-post","status-publish","format-standard","has-post-thumbnail","category-noticias"],"_links":{"self":[{"href":"https:\/\/ashoresoca.org\/index.php\/wp-json\/wp\/v2\/posts\/327","targetHints":{"allow":["GET"]}}],"collection":[{"href":"https:\/\/ashoresoca.org\/index.php\/wp-json\/wp\/v2\/posts"}],"about":[{"href":"https:\/\/ashoresoca.org\/index.php\/wp-json\/wp\/v2\/types\/post"}],"author":[{"embeddable":true,"href":"https:\/\/ashoresoca.org\/index.php\/wp-json\/wp\/v2\/users\/1"}],"replies":[{"embeddable":true,"href":"https:\/\/ashoresoca.org\/index.php\/wp-json\/wp\/v2\/comments?post=327"}],"version-history":[{"count":1,"href":"https:\/\/ashoresoca.org\/index.php\/wp-json\/wp\/v2\/posts\/327\/revisions"}],"predecessor-version":[{"id":331,"href":"https:\/\/ashoresoca.org\/index.php\/wp-json\/wp\/v2\/posts\/327\/revisions\/331"}],"wp:featuredmedia":[{"embeddable":true,"href":"https:\/\/ashoresoca.org\/index.php\/wp-json\/wp\/v2\/media\/329"}],"wp:attachment":[{"href":"https:\/\/ashoresoca.org\/index.php\/wp-json\/wp\/v2\/media?parent=327"}],"wp:term":[{"taxonomy":"category","embeddable":true,"href":"https:\/\/ashoresoca.org\/index.php\/wp-json\/wp\/v2\/categories?post=327"},{"taxonomy":"post_tag","embeddable":true,"href":"https:\/\/ashoresoca.org\/index.php\/wp-json\/wp\/v2\/tags?post=327"}],"curies":[{"name":"wp","href":"https:\/\/api.w.org\/{rel}","templated":true}]}}