{"id":332,"date":"2026-03-23T22:50:37","date_gmt":"2026-03-24T02:50:37","guid":{"rendered":"https:\/\/ashoresoca.org\/?p=332"},"modified":"2026-03-23T22:50:37","modified_gmt":"2026-03-24T02:50:37","slug":"ashoresoca-participo-en-el-recibimiento-de-la-aeronave-13-de-arajet-airlines","status":"publish","type":"post","link":"https:\/\/ashoresoca.org\/index.php\/2026\/03\/23\/ashoresoca-participo-en-el-recibimiento-de-la-aeronave-13-de-arajet-airlines\/","title":{"rendered":"ASHORESOCA particip\u00f3 en el recibimiento de la Aeronave #13 de ARAJET Airlines"},"content":{"rendered":"<div class=\"x14z9mp xat24cr x1lziwak x1vvkbs xtlvy1s x126k92a\">\n<div dir=\"auto\">ASHORESOCA particip\u00f3 en el recibimiento de la Aeronave #13 de ARAJET Airlines<\/div>\n<\/div>\n<p><!--more--><\/p>\n<div dir=\"auto\"><img loading=\"lazy\" decoding=\"async\" class=\"alignnone size-full wp-image-334\" src=\"https:\/\/ashoresoca.org\/wp-content\/uploads\/2026\/03\/596997136_122093644491172971_7075104818536677971_n.jpg\" alt=\"\" width=\"2048\" height=\"1542\" srcset=\"https:\/\/ashoresoca.org\/wp-content\/uploads\/2026\/03\/596997136_122093644491172971_7075104818536677971_n.jpg 2048w, https:\/\/ashoresoca.org\/wp-content\/uploads\/2026\/03\/596997136_122093644491172971_7075104818536677971_n-300x226.jpg 300w, https:\/\/ashoresoca.org\/wp-content\/uploads\/2026\/03\/596997136_122093644491172971_7075104818536677971_n-1024x771.jpg 1024w, https:\/\/ashoresoca.org\/wp-content\/uploads\/2026\/03\/596997136_122093644491172971_7075104818536677971_n-768x578.jpg 768w, https:\/\/ashoresoca.org\/wp-content\/uploads\/2026\/03\/596997136_122093644491172971_7075104818536677971_n-1536x1157.jpg 1536w, https:\/\/ashoresoca.org\/wp-content\/uploads\/2026\/03\/596997136_122093644491172971_7075104818536677971_n-150x113.jpg 150w, https:\/\/ashoresoca.org\/wp-content\/uploads\/2026\/03\/596997136_122093644491172971_7075104818536677971_n-696x524.jpg 696w, https:\/\/ashoresoca.org\/wp-content\/uploads\/2026\/03\/596997136_122093644491172971_7075104818536677971_n-1068x804.jpg 1068w, https:\/\/ashoresoca.org\/wp-content\/uploads\/2026\/03\/596997136_122093644491172971_7075104818536677971_n-1920x1446.jpg 1920w\" sizes=\"auto, (max-width: 2048px) 100vw, 2048px\" \/>ASHORESOCA particip\u00f3 en el recibimiento de la Aeronave #13 de ARAJET Airlines, l\u00ednea a\u00e9rea dominicana que contin\u00faa expandiendo sus rutas y conectando a nuestro pa\u00eds con el mundo.<\/div>\n<div class=\"x14z9mp xat24cr x1lziwak x1vvkbs xtlvy1s x126k92a\">\n<div dir=\"auto\"><img loading=\"lazy\" decoding=\"async\" class=\"alignnone size-full wp-image-335\" src=\"https:\/\/ashoresoca.org\/wp-content\/uploads\/2026\/03\/597073153_122093644395172971_5843454889019694790_n.jpg\" alt=\"\" width=\"1600\" height=\"1066\" srcset=\"https:\/\/ashoresoca.org\/wp-content\/uploads\/2026\/03\/597073153_122093644395172971_5843454889019694790_n.jpg 1600w, https:\/\/ashoresoca.org\/wp-content\/uploads\/2026\/03\/597073153_122093644395172971_5843454889019694790_n-300x200.jpg 300w, https:\/\/ashoresoca.org\/wp-content\/uploads\/2026\/03\/597073153_122093644395172971_5843454889019694790_n-1024x682.jpg 1024w, https:\/\/ashoresoca.org\/wp-content\/uploads\/2026\/03\/597073153_122093644395172971_5843454889019694790_n-768x512.jpg 768w, https:\/\/ashoresoca.org\/wp-content\/uploads\/2026\/03\/597073153_122093644395172971_5843454889019694790_n-1536x1023.jpg 1536w, https:\/\/ashoresoca.org\/wp-content\/uploads\/2026\/03\/597073153_122093644395172971_5843454889019694790_n-150x100.jpg 150w, https:\/\/ashoresoca.org\/wp-content\/uploads\/2026\/03\/597073153_122093644395172971_5843454889019694790_n-696x464.jpg 696w, https:\/\/ashoresoca.org\/wp-content\/uploads\/2026\/03\/597073153_122093644395172971_5843454889019694790_n-1068x712.jpg 1068w\" sizes=\"auto, (max-width: 1600px) 100vw, 1600px\" \/>Nuestra representaci\u00f3n estuvo a cargo de nuestra Directora Ejecutiva, Mar\u00eda Veras, quien acompa\u00f1\u00f3 este momento hist\u00f3rico para el crecimiento del turismo nacional.<\/div>\n<\/div>\n<div class=\"x14z9mp xat24cr x1lziwak x1vvkbs xtlvy1s x126k92a\">\n<div dir=\"auto\">La nueva aeronave fue bautizada con el nombre de la ic\u00f3nica y emblem\u00e1tica Loma Isabel de Torres, s\u00edmbolo de la belleza y grandeza de Puerto Plata.<\/div>\n<\/div>\n<div class=\"x14z9mp xat24cr x1lziwak x1vvkbs xtlvy1s x126k92a\">\n<div dir=\"auto\">Desde ASHORESOCA celebramos este avance que impulsa la movilidad, fortalece nuestra oferta tur\u00edstica y nos acerca cada vez m\u00e1s a un turismo sostenible y competitivo.<\/div>\n<\/div>\n","protected":false},"excerpt":{"rendered":"<p>ASHORESOCA particip\u00f3 en el recibimiento de la Aeronave #13 de ARAJET Airlines<\/p>\n","protected":false},"author":1,"featured_media":333,"comment_status":"open","ping_status":"open","sticky":false,"template":"","format":"standard","meta":{"footnotes":""},"categories":[1],"tags":[],"class_list":["post-332","post","type-post","status-publish","format-standard","has-post-thumbnail","category-noticias"],"_links":{"self":[{"href":"https:\/\/ashoresoca.org\/index.php\/wp-json\/wp\/v2\/posts\/332","targetHints":{"allow":["GET"]}}],"collection":[{"href":"https:\/\/ashoresoca.org\/index.php\/wp-json\/wp\/v2\/posts"}],"about":[{"href":"https:\/\/ashoresoca.org\/index.php\/wp-json\/wp\/v2\/types\/post"}],"author":[{"embeddable":true,"href":"https:\/\/ashoresoca.org\/index.php\/wp-json\/wp\/v2\/users\/1"}],"replies":[{"embeddable":true,"href":"https:\/\/ashoresoca.org\/index.php\/wp-json\/wp\/v2\/comments?post=332"}],"version-history":[{"count":1,"href":"https:\/\/ashoresoca.org\/index.php\/wp-json\/wp\/v2\/posts\/332\/revisions"}],"predecessor-version":[{"id":336,"href":"https:\/\/ashoresoca.org\/index.php\/wp-json\/wp\/v2\/posts\/332\/revisions\/336"}],"wp:featuredmedia":[{"embeddable":true,"href":"https:\/\/ashoresoca.org\/index.php\/wp-json\/wp\/v2\/media\/333"}],"wp:attachment":[{"href":"https:\/\/ashoresoca.org\/index.php\/wp-json\/wp\/v2\/media?parent=332"}],"wp:term":[{"taxonomy":"category","embeddable":true,"href":"https:\/\/ashoresoca.org\/index.php\/wp-json\/wp\/v2\/categories?post=332"},{"taxonomy":"post_tag","embeddable":true,"href":"https:\/\/ashoresoca.org\/index.php\/wp-json\/wp\/v2\/tags?post=332"}],"curies":[{"name":"wp","href":"https:\/\/api.w.org\/{rel}","templated":true}]}}