{"id":346,"date":"2026-03-23T23:09:41","date_gmt":"2026-03-24T03:09:41","guid":{"rendered":"https:\/\/ashoresoca.org\/?p=346"},"modified":"2026-03-23T23:09:41","modified_gmt":"2026-03-24T03:09:41","slug":"ashoresoca-y-ministerio-publico-fortalecen-alianza-estrategica-para-un-turismo-seguro-responsable-y-humano-en-la-costa-norte","status":"publish","type":"post","link":"https:\/\/ashoresoca.org\/index.php\/2026\/03\/23\/ashoresoca-y-ministerio-publico-fortalecen-alianza-estrategica-para-un-turismo-seguro-responsable-y-humano-en-la-costa-norte\/","title":{"rendered":"ASHORESOCA y Ministerio P\u00fablico fortalecen alianza estrat\u00e9gica para un turismo seguro, responsable y humano en la Costa Norte"},"content":{"rendered":"<div class=\"html-div xdj266r x14z9mp xat24cr x1lziwak xexx8yu xyri2b x18d9i69 x1c1uobl\">\n<div class=\"html-div xdj266r x14z9mp xat24cr x1lziwak xexx8yu xyri2b x18d9i69 x1c1uobl\" dir=\"auto\">\n<div class=\"html-div xdj266r x14z9mp xat24cr x1lziwak xexx8yu xyri2b x18d9i69 x1c1uobl\" data-ad-rendering-role=\"story_message\">\n<div class=\"x1l90r2v x1iorvi4 x1g0dm76 xpdmqnj\" data-ad-comet-preview=\"message\" data-ad-preview=\"message\">\n<div class=\"x78zum5 xdt5ytf xz62fqu x16ldp7u\">\n<div class=\"xu06os2 x1ok221b\">\n<div class=\"html-div xdj266r x14z9mp xat24cr x1lziwak xexx8yu xyri2b x18d9i69 x1c1uobl\">\n<div class=\"xdj266r x14z9mp xat24cr x1lziwak x1vvkbs x126k92a\">\n<div dir=\"auto\">ASHORESOCA y Ministerio P\u00fablico fortalecen alianza estrat\u00e9gica para un turismo seguro, responsable y humano en la Costa Norte<\/div>\n<\/div>\n<\/div>\n<\/div>\n<\/div>\n<\/div>\n<\/div>\n<\/div>\n<\/div>\n<p><!--more--><\/p>\n<div dir=\"auto\"><img loading=\"lazy\" decoding=\"async\" class=\"alignnone size-full wp-image-350\" src=\"https:\/\/ashoresoca.org\/wp-content\/uploads\/2026\/03\/588572229_1684674082871542_7399253295462016947_n.jpg\" alt=\"\" width=\"1204\" height=\"1600\" srcset=\"https:\/\/ashoresoca.org\/wp-content\/uploads\/2026\/03\/588572229_1684674082871542_7399253295462016947_n.jpg 1204w, https:\/\/ashoresoca.org\/wp-content\/uploads\/2026\/03\/588572229_1684674082871542_7399253295462016947_n-226x300.jpg 226w, https:\/\/ashoresoca.org\/wp-content\/uploads\/2026\/03\/588572229_1684674082871542_7399253295462016947_n-771x1024.jpg 771w, https:\/\/ashoresoca.org\/wp-content\/uploads\/2026\/03\/588572229_1684674082871542_7399253295462016947_n-768x1021.jpg 768w, https:\/\/ashoresoca.org\/wp-content\/uploads\/2026\/03\/588572229_1684674082871542_7399253295462016947_n-1156x1536.jpg 1156w, https:\/\/ashoresoca.org\/wp-content\/uploads\/2026\/03\/588572229_1684674082871542_7399253295462016947_n-150x199.jpg 150w, https:\/\/ashoresoca.org\/wp-content\/uploads\/2026\/03\/588572229_1684674082871542_7399253295462016947_n-300x399.jpg 300w, https:\/\/ashoresoca.org\/wp-content\/uploads\/2026\/03\/588572229_1684674082871542_7399253295462016947_n-696x925.jpg 696w, https:\/\/ashoresoca.org\/wp-content\/uploads\/2026\/03\/588572229_1684674082871542_7399253295462016947_n-1068x1419.jpg 1068w\" sizes=\"auto, (max-width: 1204px) 100vw, 1204px\" \/>Sos\u00faa, Puerto Plata. \u2013 La Asociaci\u00f3n de Hoteles y Restaurantes de Sos\u00faa y Cabarete (ASHORESOCA) reafirm\u00f3 su compromiso con el desarrollo de un turismo \u00e9tico y sostenible mediante la realizaci\u00f3n de la disertaci\u00f3n titulada \"Alianza para un Turismo Seguro, Responsable y Humano\", en coordinaci\u00f3n con el Ministerio P\u00fablico, en un encuentro que reuni\u00f3 a representantes del sector tur\u00edstico, autoridades, actores comunitarios y miembros de la industria hotelera y gastron\u00f3mica de la regi\u00f3n.<\/div>\n<div class=\"html-div xdj266r x14z9mp xat24cr x1lziwak xexx8yu xyri2b x18d9i69 x1c1uobl\">\n<div class=\"html-div xdj266r x14z9mp xat24cr x1lziwak xexx8yu xyri2b x18d9i69 x1c1uobl\" dir=\"auto\">\n<div class=\"html-div xdj266r x14z9mp xat24cr x1lziwak xexx8yu xyri2b x18d9i69 x1c1uobl\" data-ad-rendering-role=\"story_message\">\n<div class=\"x1l90r2v x1iorvi4 x1g0dm76 xpdmqnj\" data-ad-comet-preview=\"message\" data-ad-preview=\"message\">\n<div class=\"x78zum5 xdt5ytf xz62fqu x16ldp7u\">\n<div class=\"xu06os2 x1ok221b\">\n<div class=\"html-div xdj266r x14z9mp xat24cr x1lziwak xexx8yu xyri2b x18d9i69 x1c1uobl\">\n<div class=\"x14z9mp xat24cr x1lziwak x1vvkbs xtlvy1s x126k92a\">\n<div dir=\"auto\">La actividad fue convocada por la Junta Directiva de ASHORESOCA, encabezada por su presidente, el licenciado Antonio C\u00e9sar C\u00e1rdenas, quien destac\u00f3 la importancia de fortalecer las capacidades institucionales y sectoriales para enfrentar los desaf\u00edos actuales en materia de seguridad, convivencia y protecci\u00f3n de los derechos de las personas en los entornos tur\u00edsticos.<\/div>\n<\/div>\n<div class=\"x14z9mp xat24cr x1lziwak x1vvkbs xtlvy1s x126k92a\">\n<div dir=\"auto\"><img loading=\"lazy\" decoding=\"async\" class=\"alignnone size-full wp-image-351\" src=\"https:\/\/ashoresoca.org\/wp-content\/uploads\/2026\/03\/588591245_1684674219538195_2407775493097124487_n.jpg\" alt=\"\" width=\"1204\" height=\"1600\" srcset=\"https:\/\/ashoresoca.org\/wp-content\/uploads\/2026\/03\/588591245_1684674219538195_2407775493097124487_n.jpg 1204w, https:\/\/ashoresoca.org\/wp-content\/uploads\/2026\/03\/588591245_1684674219538195_2407775493097124487_n-226x300.jpg 226w, https:\/\/ashoresoca.org\/wp-content\/uploads\/2026\/03\/588591245_1684674219538195_2407775493097124487_n-771x1024.jpg 771w, https:\/\/ashoresoca.org\/wp-content\/uploads\/2026\/03\/588591245_1684674219538195_2407775493097124487_n-768x1021.jpg 768w, https:\/\/ashoresoca.org\/wp-content\/uploads\/2026\/03\/588591245_1684674219538195_2407775493097124487_n-1156x1536.jpg 1156w, https:\/\/ashoresoca.org\/wp-content\/uploads\/2026\/03\/588591245_1684674219538195_2407775493097124487_n-150x199.jpg 150w, https:\/\/ashoresoca.org\/wp-content\/uploads\/2026\/03\/588591245_1684674219538195_2407775493097124487_n-300x399.jpg 300w, https:\/\/ashoresoca.org\/wp-content\/uploads\/2026\/03\/588591245_1684674219538195_2407775493097124487_n-696x925.jpg 696w, https:\/\/ashoresoca.org\/wp-content\/uploads\/2026\/03\/588591245_1684674219538195_2407775493097124487_n-1068x1419.jpg 1068w\" sizes=\"auto, (max-width: 1204px) 100vw, 1204px\" \/>El evento cont\u00f3 con la participaci\u00f3n mayoritaria de la membres\u00eda, evidenciando el inter\u00e9s del sector organizado en apoyar iniciativas que impulsen un modelo tur\u00edstico m\u00e1s ordenado, humano y alineado con las mejores pr\u00e1cticas internacionales.<\/div>\n<\/div>\n<div class=\"x14z9mp xat24cr x1lziwak x1vvkbs xtlvy1s x126k92a\">\n<div dir=\"auto\">La disertaci\u00f3n principal estuvo a cargo de la magistrada Yoanna Bejar\u00e1n \u00c1lvarez, titular de la Procuradur\u00eda Especializada contra el Tr\u00e1fico Il\u00edcito de Migrantes y la Trata de Personas (PETT), quien abord\u00f3 las implicaciones legales, sociales y \u00e9ticas vinculadas a estas problem\u00e1ticas, destacando el rol de los destinos tur\u00edsticos en la prevenci\u00f3n, detecci\u00f3n y denuncia de delitos que afectan la dignidad humana.<\/div>\n<div dir=\"auto\">Bejar\u00e1n \u00c1lvarez agradeci\u00f3 la apertura del sector privado y se\u00f1al\u00f3 que la cooperaci\u00f3n interinstitucional resulta imprescindible para fortalecer la respuesta del Estado frente a redes criminales que operan aprovechando la vulnerabilidad de comunidades tur\u00edsticas y migrantes.<\/div>\n<\/div>\n<div class=\"x14z9mp xat24cr x1lziwak x1vvkbs xtlvy1s x126k92a\">\n<div dir=\"auto\"><img loading=\"lazy\" decoding=\"async\" class=\"alignnone size-full wp-image-347\" src=\"https:\/\/ashoresoca.org\/wp-content\/uploads\/2026\/03\/587684212_1684674192871531_2071741709414819371_n.jpg\" alt=\"\" width=\"1600\" height=\"1204\" srcset=\"https:\/\/ashoresoca.org\/wp-content\/uploads\/2026\/03\/587684212_1684674192871531_2071741709414819371_n.jpg 1600w, https:\/\/ashoresoca.org\/wp-content\/uploads\/2026\/03\/587684212_1684674192871531_2071741709414819371_n-300x226.jpg 300w, https:\/\/ashoresoca.org\/wp-content\/uploads\/2026\/03\/587684212_1684674192871531_2071741709414819371_n-1024x771.jpg 1024w, https:\/\/ashoresoca.org\/wp-content\/uploads\/2026\/03\/587684212_1684674192871531_2071741709414819371_n-768x578.jpg 768w, https:\/\/ashoresoca.org\/wp-content\/uploads\/2026\/03\/587684212_1684674192871531_2071741709414819371_n-1536x1156.jpg 1536w, https:\/\/ashoresoca.org\/wp-content\/uploads\/2026\/03\/587684212_1684674192871531_2071741709414819371_n-150x113.jpg 150w, https:\/\/ashoresoca.org\/wp-content\/uploads\/2026\/03\/587684212_1684674192871531_2071741709414819371_n-696x524.jpg 696w, https:\/\/ashoresoca.org\/wp-content\/uploads\/2026\/03\/587684212_1684674192871531_2071741709414819371_n-1068x804.jpg 1068w\" sizes=\"auto, (max-width: 1600px) 100vw, 1600px\" \/>Su participaci\u00f3n fue posible gracias a la invitaci\u00f3n de la magistrada Hilda Patricia Lagombra, titular de la Fiscal\u00eda Especial Comunitaria, entidad creada a ra\u00edz de la Operaci\u00f3n Atl\u00e1ntico, iniciativa que marca un antes y un despu\u00e9s en la articulaci\u00f3n comunitaria y judicial para garantizar mayor seguridad en la zona.<\/div>\n<\/div>\n<div class=\"x14z9mp xat24cr x1lziwak x1vvkbs xtlvy1s x126k92a\">\n<div dir=\"auto\"><img loading=\"lazy\" decoding=\"async\" class=\"alignnone size-full wp-image-352\" src=\"https:\/\/ashoresoca.org\/wp-content\/uploads\/2026\/03\/589165398_1684674212871529_7950040458000149055_n.jpg\" alt=\"\" width=\"960\" height=\"1280\" srcset=\"https:\/\/ashoresoca.org\/wp-content\/uploads\/2026\/03\/589165398_1684674212871529_7950040458000149055_n.jpg 960w, https:\/\/ashoresoca.org\/wp-content\/uploads\/2026\/03\/589165398_1684674212871529_7950040458000149055_n-225x300.jpg 225w, https:\/\/ashoresoca.org\/wp-content\/uploads\/2026\/03\/589165398_1684674212871529_7950040458000149055_n-768x1024.jpg 768w, https:\/\/ashoresoca.org\/wp-content\/uploads\/2026\/03\/589165398_1684674212871529_7950040458000149055_n-150x200.jpg 150w, https:\/\/ashoresoca.org\/wp-content\/uploads\/2026\/03\/589165398_1684674212871529_7950040458000149055_n-300x400.jpg 300w, https:\/\/ashoresoca.org\/wp-content\/uploads\/2026\/03\/589165398_1684674212871529_7950040458000149055_n-696x928.jpg 696w\" sizes=\"auto, (max-width: 960px) 100vw, 960px\" \/>La conducci\u00f3n y maestr\u00eda de ceremonias estuvo a cargo del comunicador Daniel Mercado, Director Regional Nordeste de ADOMPRETUR, quien destac\u00f3 el compromiso de la prensa tur\u00edstica con la promoci\u00f3n de un turismo responsable, y de la licenciada Nolbelys Batista, representante del Ministerio P\u00fablico, quienes guiaron el desarrollo del programa con profesionalismo y dinamismo, facilitando la participaci\u00f3n activa de los asistentes.<\/div>\n<\/div>\n<div class=\"x14z9mp xat24cr x1lziwak x1vvkbs xtlvy1s x126k92a\">\n<div dir=\"auto\"><img loading=\"lazy\" decoding=\"async\" class=\"alignnone size-full wp-image-348\" src=\"https:\/\/ashoresoca.org\/wp-content\/uploads\/2026\/03\/588465142_1684674186204865_507709465635970907_n.jpg\" alt=\"\" width=\"1600\" height=\"1200\" srcset=\"https:\/\/ashoresoca.org\/wp-content\/uploads\/2026\/03\/588465142_1684674186204865_507709465635970907_n.jpg 1600w, https:\/\/ashoresoca.org\/wp-content\/uploads\/2026\/03\/588465142_1684674186204865_507709465635970907_n-300x225.jpg 300w, https:\/\/ashoresoca.org\/wp-content\/uploads\/2026\/03\/588465142_1684674186204865_507709465635970907_n-1024x768.jpg 1024w, https:\/\/ashoresoca.org\/wp-content\/uploads\/2026\/03\/588465142_1684674186204865_507709465635970907_n-768x576.jpg 768w, https:\/\/ashoresoca.org\/wp-content\/uploads\/2026\/03\/588465142_1684674186204865_507709465635970907_n-1536x1152.jpg 1536w, https:\/\/ashoresoca.org\/wp-content\/uploads\/2026\/03\/588465142_1684674186204865_507709465635970907_n-150x113.jpg 150w, https:\/\/ashoresoca.org\/wp-content\/uploads\/2026\/03\/588465142_1684674186204865_507709465635970907_n-696x522.jpg 696w, https:\/\/ashoresoca.org\/wp-content\/uploads\/2026\/03\/588465142_1684674186204865_507709465635970907_n-1068x801.jpg 1068w\" sizes=\"auto, (max-width: 1600px) 100vw, 1600px\" \/>El acto tambi\u00e9n cont\u00f3 con la presencia de la periodista y psic\u00f3loga Nereyda \u00c1lvarez, secretaria nacional del Comit\u00e9 de \u00c9tica de ADOMPRETUR, cuya valoraci\u00f3n profesional sobre el impacto psicosocial de estas problem\u00e1ticas aport\u00f3 un enfoque integral al encuentro.<\/div>\n<\/div>\n<div class=\"x14z9mp xat24cr x1lziwak x1vvkbs xtlvy1s x126k92a\">\n<div dir=\"auto\">Durante la jornada, ASHORESOCA resalt\u00f3 que esta actividad forma parte de un plan de trabajo estrat\u00e9gico orientado a:<\/div>\n<\/div>\n<div class=\"x14z9mp xat24cr x1lziwak x1vvkbs xtlvy1s x126k92a\">\n<div dir=\"auto\">Fortalecer la seguridad tur\u00edstica<\/div>\n<div dir=\"auto\">promover relaciones comunitarias saludables elevar los est\u00e1ndares de protecci\u00f3n a visitantes y residentes<\/div>\n<div dir=\"auto\">preservar la imagen positiva del destino Sos\u00faa\u2013Cabarete.<\/div>\n<\/div>\n<div class=\"x14z9mp xat24cr x1lziwak x1vvkbs xtlvy1s x126k92a\">\n<div dir=\"auto\">Impulsar un turismo \u00e9tico y sostenible<\/div>\n<div dir=\"auto\">El presidente de la entidad, Antonio C\u00e9sar C\u00e1rdenas, expres\u00f3 que:<\/div>\n<\/div>\n<div class=\"x14z9mp xat24cr x1lziwak x1vvkbs xtlvy1s x126k92a\">\n<div dir=\"auto\">\u201cUn turismo responsable requiere de alianzas s\u00f3lidas entre el sector privado, las autoridades y la comunidad. Este encuentro confirma que estamos avanzando hacia un modelo m\u00e1s seguro, humano y respetuoso, donde la dignidad de las personas sea el eje central\u201d.<\/div>\n<\/div>\n<div class=\"x14z9mp xat24cr x1lziwak x1vvkbs xtlvy1s x126k92a\">\n<div dir=\"auto\">C\u00e1rdenas P\u00e9rez, manifest\u00f3 que ASHORESOCA, continuar\u00e1 desarrollando jornadas de capacitaci\u00f3n, sensibilizaci\u00f3n y articulaci\u00f3n interinstitucional con el objetivo de consolidar un entorno tur\u00edstico ordenado, competitivo y alineado con los valores de convivencia, respeto y legalidad, aprovecho para destacar el compromiso de nuestra Directora Ejecutiva Mar\u00eda Veras y de todo el consejo directivo y la membres\u00eda, acoto, C\u00e1rdenas.<\/div>\n<\/div>\n<div class=\"x14z9mp xat24cr x1lziwak x1vvkbs xtlvy1s x126k92a\">\n<div dir=\"auto\">La organizaci\u00f3n reiter\u00f3 su disposici\u00f3n de colaborar con todas las entidades p\u00fablicas y privadas comprometidas con el bienestar y desarrollo integral de la Costa Norte, reafirmando que la seguridad y la protecci\u00f3n humana son pilares esenciales para la sostenibilidad del destino.<\/div>\n<\/div>\n<div class=\"x14z9mp xat24cr x1lziwak x1vvkbs xtlvy1s x126k92a\">\n<div dir=\"auto\">Las hermosas instalaciones del VIVA TANGERINE BY WYNDHAM CABARETE, fueron anfitriones del importante evento, para el cierre el Licenciado El\u00eda Samuel V\u00e1squez Elena, vicepresidente de la entidad que agremia los representantes y actores de la cadena de valor tur\u00edstica de Sos\u00faa y Cabarete, expres\u00f3 formalmente palabras de agradecimiento, ratificando el compromiso del sector con actividades de esta \u00edndole.<\/div>\n<\/div>\n<\/div>\n<\/div>\n<\/div>\n<\/div>\n<\/div>\n<\/div>\n<div class=\"html-div xdj266r x14z9mp xat24cr x1lziwak xexx8yu xyri2b x18d9i69 x1c1uobl x1n2onr6\">\n<div class=\"html-div xdj266r x14z9mp xat24cr x1lziwak xexx8yu xyri2b x18d9i69 x1c1uobl x1n2onr6\">\n<div class=\"html-div xdj266r x14z9mp xat24cr x1lziwak xexx8yu xyri2b x18d9i69 x1c1uobl\">\n<div class=\"x1n2onr6\">\n<div class=\"x1n2onr6\">\n<div class=\"x6ikm8r x10wlt62 x10l6tqk\"><\/div>\n<div class=\"x6ikm8r x10wlt62 x10l6tqk\"><\/div>\n<div class=\"x6ikm8r x10wlt62 x10l6tqk\"><\/div>\n<div class=\"x6ikm8r x10wlt62 x10l6tqk\"><\/div>\n<div class=\"x6ikm8r x10wlt62 x10l6tqk\"><\/div>\n<\/div>\n<\/div>\n<\/div>\n<\/div>\n<div class=\"html-div xdj266r x14z9mp xat24cr x1lziwak xexx8yu xyri2b x18d9i69 x1c1uobl x6ikm8r x10wlt62\"><\/div>\n<\/div>\n<\/div>\n<div>\n<div class=\"xabvvm4 xeyy32k x1ia1hqs x1a2w583 x6ikm8r x10wlt62\" data-visualcompletion=\"ignore-dynamic\">\n<div>\n<div>\n<div>\n<div class=\"x1n2onr6\">\n<div class=\"x6s0dn4 xi81zsa x78zum5 x6prxxf x13a6bvl xvq8zen xdj266r xat24cr x1c1uobl xyri2b x1diwwjn xbmvrgn x1yrsyyn x18d9i69\">\n<div class=\"x6s0dn4 x78zum5 x1iyjqo2 x6ikm8r x10wlt62\">\n<div>\n<div class=\"x1i10hfl xjbqb8w x1ejq31n x18oe1m7 x1sy0etr xstzfhl x972fbf x10w94by x1qhh985 x14e42zd x9f619 x1ypdohk x3ct3a4 xdj266r x14z9mp xat24cr x1lziwak xexx8yu xyri2b x18d9i69 x1c1uobl x16tdsg8 x1hl2dhg xggy1nq x1fmog5m xu25z0z x140muxe xo1y3bh x1n2onr6 x87ps6o x1lku1pv x1a2a7pz x1heor9g xnl1qt8 x6ikm8r x10wlt62 x1vjfegm x1lliihq\" tabindex=\"0\" role=\"button\"><\/div>\n<\/div>\n<\/div>\n<div class=\"x1c4vz4f x2lah0s xci0xqf\"><\/div>\n<div class=\"x9f619 x1ja2u2z x78zum5 x2lah0s x1n2onr6 x1qughib x1qjc9v5 xozqiw3 x1q0g3np xyri2b x1c1uobl x1ws5yxj xw01apr x4cne27 xifccgj x123j3cw xs9asl8\"><\/div>\n<\/div>\n<\/div>\n<\/div>\n<\/div>\n<\/div>\n<\/div>\n<\/div>\n","protected":false},"excerpt":{"rendered":"<p>ASHORESOCA y Ministerio P\u00fablico fortalecen alianza estrat\u00e9gica para un turismo seguro, responsable y humano en la Costa Norte<\/p>\n","protected":false},"author":1,"featured_media":349,"comment_status":"open","ping_status":"open","sticky":false,"template":"","format":"standard","meta":{"footnotes":""},"categories":[1],"tags":[],"class_list":["post-346","post","type-post","status-publish","format-standard","has-post-thumbnail","category-noticias"],"_links":{"self":[{"href":"https:\/\/ashoresoca.org\/index.php\/wp-json\/wp\/v2\/posts\/346","targetHints":{"allow":["GET"]}}],"collection":[{"href":"https:\/\/ashoresoca.org\/index.php\/wp-json\/wp\/v2\/posts"}],"about":[{"href":"https:\/\/ashoresoca.org\/index.php\/wp-json\/wp\/v2\/types\/post"}],"author":[{"embeddable":true,"href":"https:\/\/ashoresoca.org\/index.php\/wp-json\/wp\/v2\/users\/1"}],"replies":[{"embeddable":true,"href":"https:\/\/ashoresoca.org\/index.php\/wp-json\/wp\/v2\/comments?post=346"}],"version-history":[{"count":1,"href":"https:\/\/ashoresoca.org\/index.php\/wp-json\/wp\/v2\/posts\/346\/revisions"}],"predecessor-version":[{"id":353,"href":"https:\/\/ashoresoca.org\/index.php\/wp-json\/wp\/v2\/posts\/346\/revisions\/353"}],"wp:featuredmedia":[{"embeddable":true,"href":"https:\/\/ashoresoca.org\/index.php\/wp-json\/wp\/v2\/media\/349"}],"wp:attachment":[{"href":"https:\/\/ashoresoca.org\/index.php\/wp-json\/wp\/v2\/media?parent=346"}],"wp:term":[{"taxonomy":"category","embeddable":true,"href":"https:\/\/ashoresoca.org\/index.php\/wp-json\/wp\/v2\/categories?post=346"},{"taxonomy":"post_tag","embeddable":true,"href":"https:\/\/ashoresoca.org\/index.php\/wp-json\/wp\/v2\/tags?post=346"}],"curies":[{"name":"wp","href":"https:\/\/api.w.org\/{rel}","templated":true}]}}