{"id":444,"date":"2026-09-06T08:19:36","date_gmt":"2026-09-06T12:19:36","guid":{"rendered":"https:\/\/ashoresoca.org\/?p=444"},"modified":"2026-09-06T08:19:36","modified_gmt":"2026-09-06T12:19:36","slug":"feliz-dia-del-periodista-turistico","status":"publish","type":"post","link":"https:\/\/ashoresoca.org\/index.php\/2026\/09\/06\/feliz-dia-del-periodista-turistico\/","title":{"rendered":"\u00a1Feliz D\u00eda del Periodista Tur\u00edstico!"},"content":{"rendered":"<h3 class=\"PDq2pG_selectionAnchorContainer\" data-section-id=\"1l66a5o\" data-start=\"0\" data-end=\"44\">\ud83d\udcf0\u2728 \u00a1Feliz D\u00eda del Periodista Tur\u00edstico!<\/h3>\n<p data-start=\"46\" data-end=\"250\"><strong data-start=\"46\" data-end=\"136\">ASHORESOCA felicita a todos los periodistas tur\u00edsticos en su d\u00eda, hoy 05 de septiembre<\/strong>, reconociendo su valiosa labor de informar, orientar y contribuir a la promoci\u00f3n de nuestros destinos tur\u00edsticos.<\/p>\n<p data-start=\"252\" data-end=\"446\">En esta fecha especial, hacemos un llamado a <strong data-start=\"297\" data-end=\"364\">observar y defender siempre los preceptos \u00e9ticos del periodismo<\/strong>, promoviendo una comunicaci\u00f3n responsable, objetiva y comprometida con la verdad.<\/p>\n<p data-start=\"448\" data-end=\"678\">Que cada noticia, reportaje y publicaci\u00f3n contin\u00fae siendo una herramienta para <strong data-start=\"527\" data-end=\"678\">fortalecer el compromiso con el turismo, impulsar el desarrollo sostenible y proyectar las bondades de nuestra regi\u00f3n y de la Rep\u00fablica Dominicana.<\/strong><\/p>\n<p data-start=\"680\" data-end=\"831\">\ud83d\udc4f <strong data-start=\"683\" data-end=\"735\">\u00a1Felicidades a todos los periodistas tur\u00edsticos!<\/strong><br data-start=\"735\" data-end=\"738\" \/>Gracias por ser voces que inspiran, informan y contribuyen al crecimiento de nuestro turismo.<\/p>\n<p data-start=\"833\" data-end=\"897\"><strong data-start=\"833\" data-end=\"847\">ASHORESOCA<\/strong><br data-start=\"847\" data-end=\"850\" \/><em data-start=\"850\" data-end=\"897\">Comprometidos con el turismo y su desarrollo.<\/em><\/p>\n<p data-start=\"899\" data-end=\"1043\" data-is-last-node=\"\" data-is-only-node=\"\">#ASHORESOCA #D\u00edaDelPeriodistaTur\u00edstico #PeriodismoTur\u00edstico #TurismoRD #TurismoResponsable #Comunicaci\u00f3n #\u00c9ticaPeriod\u00edstica #Rep\u00fablicaDominicana<\/p>\n","protected":false},"excerpt":{"rendered":"<p>\ud83d\udcf0\u2728 \u00a1Feliz D\u00eda del Periodista Tur\u00edstico! ASHORESOCA felicita a todos los periodistas tur\u00edsticos en su d\u00eda, hoy 05 de septiembre, reconociendo su valiosa labor de informar, orientar y contribuir a la promoci\u00f3n de nuestros destinos tur\u00edsticos. En esta fecha especial, hacemos un llamado a observar y defender siempre los preceptos \u00e9ticos del periodismo, promoviendo una [&hellip;]<\/p>\n","protected":false},"author":1,"featured_media":445,"comment_status":"open","ping_status":"open","sticky":false,"template":"","format":"standard","meta":{"footnotes":""},"categories":[1],"tags":[],"class_list":["post-444","post","type-post","status-publish","format-standard","has-post-thumbnail","category-noticias"],"_links":{"self":[{"href":"https:\/\/ashoresoca.org\/index.php\/wp-json\/wp\/v2\/posts\/444","targetHints":{"allow":["GET"]}}],"collection":[{"href":"https:\/\/ashoresoca.org\/index.php\/wp-json\/wp\/v2\/posts"}],"about":[{"href":"https:\/\/ashoresoca.org\/index.php\/wp-json\/wp\/v2\/types\/post"}],"author":[{"embeddable":true,"href":"https:\/\/ashoresoca.org\/index.php\/wp-json\/wp\/v2\/users\/1"}],"replies":[{"embeddable":true,"href":"https:\/\/ashoresoca.org\/index.php\/wp-json\/wp\/v2\/comments?post=444"}],"version-history":[{"count":1,"href":"https:\/\/ashoresoca.org\/index.php\/wp-json\/wp\/v2\/posts\/444\/revisions"}],"predecessor-version":[{"id":446,"href":"https:\/\/ashoresoca.org\/index.php\/wp-json\/wp\/v2\/posts\/444\/revisions\/446"}],"wp:featuredmedia":[{"embeddable":true,"href":"https:\/\/ashoresoca.org\/index.php\/wp-json\/wp\/v2\/media\/445"}],"wp:attachment":[{"href":"https:\/\/ashoresoca.org\/index.php\/wp-json\/wp\/v2\/media?parent=444"}],"wp:term":[{"taxonomy":"category","embeddable":true,"href":"https:\/\/ashoresoca.org\/index.php\/wp-json\/wp\/v2\/categories?post=444"},{"taxonomy":"post_tag","embeddable":true,"href":"https:\/\/ashoresoca.org\/index.php\/wp-json\/wp\/v2\/tags?post=444"}],"curies":[{"name":"wp","href":"https:\/\/api.w.org\/{rel}","templated":true}]}}